{"id":271,"date":"2017-05-15T15:47:58","date_gmt":"2017-05-15T13:47:58","guid":{"rendered":"http:\/\/www.winzerhotel-storr.de\/fgrut\/?p=271"},"modified":"2018-04-06T15:58:32","modified_gmt":"2018-04-06T13:58:32","slug":"mehr-buehnen-fuer-dautenheim-das-grosse-welttheater-calderon","status":"publish","type":"post","link":"https:\/\/www.winzerhotel-storr.de\/fgrut\/mehr-buehnen-fuer-dautenheim-das-grosse-welttheater-calderon\/","title":{"rendered":"Das gro\u00dfe Welttheater (Calder\u00f3n)"},"content":{"rendered":"\n<style type=\"text\/css\" data-created_by=\"avia_inline_auto\" id=\"style-css-av-av_heading-16ca2b82295bc3620046131b1843804d\">\n#top .av-special-heading.av-av_heading-16ca2b82295bc3620046131b1843804d{\npadding-bottom:10px;\n}\nbody .av-special-heading.av-av_heading-16ca2b82295bc3620046131b1843804d .av-special-heading-tag .heading-char{\nfont-size:25px;\n}\n.av-special-heading.av-av_heading-16ca2b82295bc3620046131b1843804d .av-subheading{\nfont-size:15px;\n}\n<\/style>\n<div  class='av-special-heading av-av_heading-16ca2b82295bc3620046131b1843804d av-special-heading-h3  avia-builder-el-0  el_before_av_textblock  avia-builder-el-first '><h3 class='av-special-heading-tag'  itemprop=\"headline\"  >Das gro\u00dfe Welttheater (Calder\u00f3n) von Pedro Calder\u00f3n de la Barca<\/h3><div class=\"special-heading-border\"><div class=\"special-heading-inner-border\"><\/div><\/div><\/div>\n<section  class='av_textblock_section av-av_textblock-0366cc7376be6c9e82a3e9cc8987b64f '   itemscope=\"itemscope\" itemtype=\"https:\/\/schema.org\/BlogPosting\" itemprop=\"blogPost\" ><div class='avia_textblock'  itemprop=\"text\" ><p><a href=\"http:\/\/www.winzerhotel-storr.de\/fgrut\/wp-content\/uploads\/2017\/07\/IMG_20170720_165601.jpg\"><img loading=\"lazy\" decoding=\"async\" class=\"wp-image-281 alignnone\" src=\"http:\/\/www.winzerhotel-storr.de\/fgrut\/wp-content\/uploads\/2017\/07\/IMG_20170720_165601.jpg\" alt=\"\" width=\"637\" height=\"478\" srcset=\"https:\/\/www.winzerhotel-storr.de\/fgrut\/wp-content\/uploads\/2017\/07\/IMG_20170720_165601.jpg 2560w, https:\/\/www.winzerhotel-storr.de\/fgrut\/wp-content\/uploads\/2017\/07\/IMG_20170720_165601-300x225.jpg 300w, https:\/\/www.winzerhotel-storr.de\/fgrut\/wp-content\/uploads\/2017\/07\/IMG_20170720_165601-768x576.jpg 768w, https:\/\/www.winzerhotel-storr.de\/fgrut\/wp-content\/uploads\/2017\/07\/IMG_20170720_165601-1030x773.jpg 1030w, https:\/\/www.winzerhotel-storr.de\/fgrut\/wp-content\/uploads\/2017\/07\/IMG_20170720_165601-1500x1125.jpg 1500w, https:\/\/www.winzerhotel-storr.de\/fgrut\/wp-content\/uploads\/2017\/07\/IMG_20170720_165601-705x529.jpg 705w, https:\/\/www.winzerhotel-storr.de\/fgrut\/wp-content\/uploads\/2017\/07\/IMG_20170720_165601-450x338.jpg 450w\" sizes=\"auto, (max-width: 637px) 100vw, 637px\" \/><\/a><\/p>\n<p>Mit alten Erntewagen, die per Pferd auf die Freilichtb\u00fchne gezogen werden, entstehen zwei neue B\u00fchnen: der Himmel und die Welt. Hier, im Dautenheimer Himmelacker, spielt Calder\u00f3ns St\u00fcck \u00fcber das Leben als Theatervorstellung. Es spielen der K\u00f6nig, der Bauer, die Weisheit, die Sch\u00f6nheit, das Elend ihre jeweiligen Rollen, auf der B\u00fchne der von einer Schauspielerin verk\u00f6rperten Welt, die ihnen die Requisiten gibt. Sie treten auf vor dem Autor, ihrem Sch\u00f6pfer, der ebenfalls leibhaftig anwesend ist. Wieder spielen Schauspieler gemeinsam mit theaterbegeisterten Einheimischen, ein Jugendorchester unter Leitung von Kurt Steffens musiziert gemeinsam mit Musikern aus Berlin. Das St\u00fcck aus dem spanischen Barock, des goldenen Zeitalters, reicht weit zur\u00fcck in die Geschichte der Menschheit und in die Dorfgeschichte Dautenheims. Musiktheater f\u00fcr alle Lebensalter mitten in den Weinbergen.<\/p>\n<\/div><\/section>\n<section  class='av_textblock_section av-av_textblock-0366cc7376be6c9e82a3e9cc8987b64f '   itemscope=\"itemscope\" itemtype=\"https:\/\/schema.org\/BlogPosting\" itemprop=\"blogPost\" ><div class='avia_textblock'  itemprop=\"text\" ><p>auf Pferdewagen-Tournee durch Rheinhessen\u00a0gef\u00f6rdert vom Kultursommer Rheinland-Pfalz 2018<\/p>\n<h3>TERMINE<\/h3>\n<h4>31. Juli (Di) um 20.30 Uhr Freilichtb\u00fchne Dautenheim<\/h4>\n<h4>1. August (Mi) um 20.30 Uhr Ro\u00dfmarkt Alzey<\/h4>\n<h4>2. August (Do) um 20.30 Uhr Kreuzkapelle Gau Bickelheim<\/h4>\n<h4>3. August (Fr) um 20.30 Uhr Zitadelle Mainz<\/h4>\n<h4>4. August (Sa) um 20.30 Uhr Domplatz Mainz<\/h4>\n<p>Das ensemble buehnen dautenheims\u00a0ist eine Gruppierung aus professionellen Regisseuren, B\u00fchnenbildnern, Musikern,\u00a0Schauspielern sowie einheimischen Akteuren und Handwerkern, die im Sommer f\u00fcr eine\u00a0Theaterproduktion in Alzey-Dautenheim (Rheinhessen) zusammenkommen. Zugleich\u00a0bezeichnet buehnen dautenheims auch die Spielorte, nach und nach im Dorf erbaute\u00a0B\u00fchnen und kleine Theater.<\/p>\n<p>Die j\u00fcngste Arbeit der Gruppe von 2017 ist eine\u00a0theatralische Recherche zur barocken Fronleichnamsspiel-B\u00fchne anhand von Calder\u00f3ns El gran teatro del\u00a0mundo \u2013 DAS GROSSE WELTTHEATER. Mithilfe zweier\u00a0pferdegezogener Heuw\u00e4gen, wie sie seit dem Barock\u00a0bis in die Mitte des 20. Jahrhunderts in ganz Europa f\u00fcr\u00a0die Landarbeit benutzt wurden, konnte eine authentische\u00a0barocke Pferdewagenb\u00fchne nachgebaut und\u00a0das exemplarisch ausgew\u00e4hlte St\u00fcck Calder\u00f3ns auf ihr inszeniert werden.<\/p>\n<p>DAS GROSSE WELTTHEATER zeigt die Welt als Buhne, auf der die Menschen ihre von Gott\u00a0zugeteilten Rollen spielen. Ein Wagen tr\u00e4gt die Himmelskugel des Sch\u00f6pfers, der andere\u00a0die Weltkugel, dazwischen liegt die Buhne des Lebens. Das Stuck zeigt kein genuin\u00a0religi\u00f6ses Theater, sondern ein Spiel, in dem die Fragen des Weltzusammenhangs\u00a0verhandelt werden und das mit dem Potential seiner\u00a0barocken Poetik die uns betreffenden Antworten\u00a0allegorisch, realistisch und symbolisch vorf\u00fchrt.<\/p>\n<p>Diese B\u00fchne geht 2018 auf Tournee, und die in der\u00a0d\u00f6rflichen Vergangenheit Dautenheims wiedergefundene\u00a0Tradition durchquert in Gestalt einer Truppe\u00a0fahrenden Theatervolkes wandernd und spielend ganz \u00a0Rheinhessen bis nach Mainz. Das Pferdewagen-Wandertheater zieht \u00fcber Feldwege und\u00a0Landstra\u00dfen, spielt jeden Abend unter freiem Himmel \u2013 auf der Freilichtb\u00fchne\u00a0Dautenheim, dem Ro\u00dfmarkt in Alzey, der Kreuzkapelle in den Weinbergen Gau\u00a0Bickelheims, auf der Zitadelle in Mainz und schlie\u00dflich auf dem Mainzer Domplatz \u2013 das\u00a0GROSSE WELTTHEATER \u00fcber Leben und Tod.<\/p>\n<p>Fur das ensemble buehnen dautenheims ist es eine Forschungsreise: zur Ursprungsform\u00a0des Theaters der Wandertruppen \u2013 mit dem passenden Stuck auf der ihm gem\u00e4\u00dfen\u00a0B\u00fchne \u2013 und in die Rheinhessische Schweiz der Feldwege, zu einem spontanen Publikum\u00a0der D\u00f6rfer, der Marktpl\u00e4tze und der Freilichtbuhnen.<\/p>\n<p>Die so durchreiste, industriell gepr\u00e4gte Kulturlandschaft\u00a0wird sich \u2013 durch die Augen dieses \u201efahrenden\u00a0Volks\u201c gesehen \u2013 vielleicht ihrer beschleunigten und\u00a0entfremdeten Pr\u00e4gung bewusst und sieht ein Theater,\u00a0das \u00e4lter ist als die Errungenschaften und Sch\u00e4den der\u00a0postindustriellen Moderne, alt wie die Natur und der\u00a0Mensch.<\/p>\n<p>Im Kontrast mit der anderen Geschwindigkeit und dem poetisch-existentiellen Programm\u00a0der wandernden B\u00fchne begegnet das Publikum unerwartet der eigenen l\u00e4ndlichen\u00a0Vergangenheit. Die wieder instandgesetzten, fahrenden Heuw\u00e4gen aus der Landwirtschaft,\u00a0das aus den H\u00e4usern geschellte Publikum, die Versammlung unter freiem Himmel,\u00a0der Klang des Calder\u00f3n\/Eichendorffschen dramatischen Gedichts k\u00f6nnen dem besuchten\u00a0Ort f\u00fcr den Moment der Auff\u00fchrung sowohl seine eigene soziale Qualit\u00e4t, als auch eine\u00a0Erinnerung an seine b\u00e4uerliche Geschichte vermitteln \u2013 und am Ende feiert der Autor das\u00a0St\u00fcck mit seinen Spielern und dem Publikum ein spontanes, alle versammelndes Fest.<\/p>\n<h3>Personelle und organisatorische Struktur<\/h3>\n<p>Leitung: Annette Storr (Konzept), Clara Gervais (Musik\/Komposition), Eunsung Yang\u00a0(B\u00fchne\/analoger Film), Valentin Kruse (B\u00fchnenbau\/Gesang)<br \/>\nMusiker: Yodfat Miron, Yumi Onda, Clara Gervais (Streichtrio), lokale Blaskapellen<br \/>\nSchauspieler: Cathrin Romeis, Jens Bohnsack, Sebastian Straub, Jan Walter, Johannes Karl<br \/>\nlokale Akteure: Konny Kopf, Dieter Bu\u00df, Lara Hamzehpour, Valentin Keck, Simon Vogel<br \/>\nFuhrwerk: s\u00fcddeutsche Kaltbl\u00fcter mit Kutscher<br \/>\nLicht: Thierry Zwiener<br \/>\nFotos (oben): Storr\/Karl<br \/>\nProduzent: Theaterf\u00f6rderkreis Alzey-Dautenheim e.V.<br \/>\n\u00d6ffentliche Mittel: Kultursommer Rheinland-Pfalz<br \/>\nSponsoren: Winzerhotel Himmelacker, Gemeinden der Spielorte, Akquise lokaler\u00a0Sponsoren durch den Theaterf\u00f6rderkreis e.V.<\/p>\n<p>Zeitraum: 27.7.-5.8.2018<\/p>\n<p><a href=\"http:\/\/www.buehnendautenheims.org\" target=\"_blank\" rel=\"noopener\">www.buehnendautenheims.org<\/a><\/p>\n<p>Kontakt:<br \/>\nDr. Annette Storr<br \/>\nstorr@udk-berlin.de<br \/>\nm. 0174 7260435<br \/>\nt. 030 3919754<\/p>\n<\/div><\/section>\n<div id='av-masonry-1' class='av-masonry av-av_masonry_gallery-861db1be6eaff03ee316cf3886a7750a noHover av-flex-size av-1px-gap av-hover-overlay- av-masonry-animation-active av-masonry-col-flexible av-caption-always av-caption-style- av-masonry-gallery ' data-post_id=\"271\"><div class=\"av-masonry-container isotope av-js-disabled\"><div class='av-masonry-entry isotope-item av-masonry-item-no-image '><\/div><a href=\"https:\/\/www.winzerhotel-storr.de\/fgrut\/wp-content\/uploads\/2017\/05\/a.gwt1_-1030x773.jpg\" data-srcset=\"https:\/\/www.winzerhotel-storr.de\/fgrut\/wp-content\/uploads\/2017\/05\/a.gwt1_-1030x773.jpg 1030w, https:\/\/www.winzerhotel-storr.de\/fgrut\/wp-content\/uploads\/2017\/05\/a.gwt1_-300x225.jpg 300w, https:\/\/www.winzerhotel-storr.de\/fgrut\/wp-content\/uploads\/2017\/05\/a.gwt1_-768x576.jpg 768w, https:\/\/www.winzerhotel-storr.de\/fgrut\/wp-content\/uploads\/2017\/05\/a.gwt1_-1500x1125.jpg 1500w, https:\/\/www.winzerhotel-storr.de\/fgrut\/wp-content\/uploads\/2017\/05\/a.gwt1_-705x529.jpg 705w, https:\/\/www.winzerhotel-storr.de\/fgrut\/wp-content\/uploads\/2017\/05\/a.gwt1_-450x338.jpg 450w\" data-sizes=\"(max-width: 1030px) 100vw, 1030px\"  aria-label=\"Bild a.gwt1\"  id='av-masonry-1-item-290' data-av-masonry-item='290' class='av-masonry-entry isotope-item post-290 attachment type-attachment status-inherit hentry  av-masonry-item-with-image' title=\"a.gwt1\" alt=\"\"    itemprop=\"thumbnailUrl\" ><div class='av-inner-masonry-sizer'><\/div><figure class='av-inner-masonry main_color'><div class=\"av-masonry-outerimage-container\"><div class='av-masonry-image-container'   ><img decoding=\"async\" width=\"705\" height=\"529\" fetchpriority=\"high\" class=\"wp-image-290 avia-img-lazy-loading-not-290\"  src=\"https:\/\/www.winzerhotel-storr.de\/fgrut\/wp-content\/uploads\/2017\/05\/a.gwt1_-705x529.jpg\" title=\"a.gwt1\" alt=\"\" srcset=\"https:\/\/www.winzerhotel-storr.de\/fgrut\/wp-content\/uploads\/2017\/05\/a.gwt1_-705x529.jpg 705w, https:\/\/www.winzerhotel-storr.de\/fgrut\/wp-content\/uploads\/2017\/05\/a.gwt1_-300x225.jpg 300w, https:\/\/www.winzerhotel-storr.de\/fgrut\/wp-content\/uploads\/2017\/05\/a.gwt1_-768x576.jpg 768w, https:\/\/www.winzerhotel-storr.de\/fgrut\/wp-content\/uploads\/2017\/05\/a.gwt1_-1030x773.jpg 1030w, https:\/\/www.winzerhotel-storr.de\/fgrut\/wp-content\/uploads\/2017\/05\/a.gwt1_-1500x1125.jpg 1500w, https:\/\/www.winzerhotel-storr.de\/fgrut\/wp-content\/uploads\/2017\/05\/a.gwt1_-450x338.jpg 450w\" sizes=\"(max-width: 705px) 100vw, 705px\" \/><\/div><\/div><\/figure><\/a><!--end av-masonry entry--><a href=\"https:\/\/www.winzerhotel-storr.de\/fgrut\/wp-content\/uploads\/2017\/05\/a.gwt2_-1030x773.jpg\" data-srcset=\"https:\/\/www.winzerhotel-storr.de\/fgrut\/wp-content\/uploads\/2017\/05\/a.gwt2_-1030x773.jpg 1030w, https:\/\/www.winzerhotel-storr.de\/fgrut\/wp-content\/uploads\/2017\/05\/a.gwt2_-300x225.jpg 300w, https:\/\/www.winzerhotel-storr.de\/fgrut\/wp-content\/uploads\/2017\/05\/a.gwt2_-768x576.jpg 768w, https:\/\/www.winzerhotel-storr.de\/fgrut\/wp-content\/uploads\/2017\/05\/a.gwt2_-1500x1125.jpg 1500w, https:\/\/www.winzerhotel-storr.de\/fgrut\/wp-content\/uploads\/2017\/05\/a.gwt2_-705x529.jpg 705w, https:\/\/www.winzerhotel-storr.de\/fgrut\/wp-content\/uploads\/2017\/05\/a.gwt2_-450x338.jpg 450w\" data-sizes=\"(max-width: 1030px) 100vw, 1030px\"  aria-label=\"Bild a.gwt2\"  id='av-masonry-1-item-291' data-av-masonry-item='291' class='av-masonry-entry isotope-item post-291 attachment type-attachment status-inherit hentry  av-masonry-item-with-image' title=\"a.gwt2\" alt=\"\"    itemprop=\"thumbnailUrl\" ><div class='av-inner-masonry-sizer'><\/div><figure class='av-inner-masonry main_color'><div class=\"av-masonry-outerimage-container\"><div class='av-masonry-image-container'   ><img decoding=\"async\" width=\"705\" height=\"529\" fetchpriority=\"high\" class=\"wp-image-291 avia-img-lazy-loading-not-291\"  src=\"https:\/\/www.winzerhotel-storr.de\/fgrut\/wp-content\/uploads\/2017\/05\/a.gwt2_-705x529.jpg\" title=\"a.gwt2\" alt=\"\" srcset=\"https:\/\/www.winzerhotel-storr.de\/fgrut\/wp-content\/uploads\/2017\/05\/a.gwt2_-705x529.jpg 705w, https:\/\/www.winzerhotel-storr.de\/fgrut\/wp-content\/uploads\/2017\/05\/a.gwt2_-300x225.jpg 300w, https:\/\/www.winzerhotel-storr.de\/fgrut\/wp-content\/uploads\/2017\/05\/a.gwt2_-768x576.jpg 768w, https:\/\/www.winzerhotel-storr.de\/fgrut\/wp-content\/uploads\/2017\/05\/a.gwt2_-1030x773.jpg 1030w, https:\/\/www.winzerhotel-storr.de\/fgrut\/wp-content\/uploads\/2017\/05\/a.gwt2_-1500x1125.jpg 1500w, https:\/\/www.winzerhotel-storr.de\/fgrut\/wp-content\/uploads\/2017\/05\/a.gwt2_-450x338.jpg 450w\" sizes=\"(max-width: 705px) 100vw, 705px\" \/><\/div><\/div><\/figure><\/a><!--end av-masonry entry--><a href=\"https:\/\/www.winzerhotel-storr.de\/fgrut\/wp-content\/uploads\/2017\/05\/a.gwt3_-1030x579.jpg\" data-srcset=\"https:\/\/www.winzerhotel-storr.de\/fgrut\/wp-content\/uploads\/2017\/05\/a.gwt3_-1030x579.jpg 1030w, https:\/\/www.winzerhotel-storr.de\/fgrut\/wp-content\/uploads\/2017\/05\/a.gwt3_-300x169.jpg 300w, https:\/\/www.winzerhotel-storr.de\/fgrut\/wp-content\/uploads\/2017\/05\/a.gwt3_-768x432.jpg 768w, https:\/\/www.winzerhotel-storr.de\/fgrut\/wp-content\/uploads\/2017\/05\/a.gwt3_-1500x844.jpg 1500w, https:\/\/www.winzerhotel-storr.de\/fgrut\/wp-content\/uploads\/2017\/05\/a.gwt3_-705x397.jpg 705w, https:\/\/www.winzerhotel-storr.de\/fgrut\/wp-content\/uploads\/2017\/05\/a.gwt3_-450x253.jpg 450w\" data-sizes=\"(max-width: 1030px) 100vw, 1030px\"  aria-label=\"Bild a.gwt3\"  id='av-masonry-1-item-292' data-av-masonry-item='292' class='av-masonry-entry isotope-item post-292 attachment type-attachment status-inherit hentry  av-masonry-item-with-image' title=\"a.gwt3\" alt=\"\"    itemprop=\"thumbnailUrl\" ><div class='av-inner-masonry-sizer'><\/div><figure class='av-inner-masonry main_color'><div class=\"av-masonry-outerimage-container\"><div class='av-masonry-image-container'   ><img decoding=\"async\" width=\"705\" height=\"397\" fetchpriority=\"high\" class=\"wp-image-292 avia-img-lazy-loading-not-292\"  src=\"https:\/\/www.winzerhotel-storr.de\/fgrut\/wp-content\/uploads\/2017\/05\/a.gwt3_-705x397.jpg\" title=\"a.gwt3\" alt=\"\" srcset=\"https:\/\/www.winzerhotel-storr.de\/fgrut\/wp-content\/uploads\/2017\/05\/a.gwt3_-705x397.jpg 705w, https:\/\/www.winzerhotel-storr.de\/fgrut\/wp-content\/uploads\/2017\/05\/a.gwt3_-300x169.jpg 300w, https:\/\/www.winzerhotel-storr.de\/fgrut\/wp-content\/uploads\/2017\/05\/a.gwt3_-768x432.jpg 768w, https:\/\/www.winzerhotel-storr.de\/fgrut\/wp-content\/uploads\/2017\/05\/a.gwt3_-1030x579.jpg 1030w, https:\/\/www.winzerhotel-storr.de\/fgrut\/wp-content\/uploads\/2017\/05\/a.gwt3_-1500x844.jpg 1500w, https:\/\/www.winzerhotel-storr.de\/fgrut\/wp-content\/uploads\/2017\/05\/a.gwt3_-450x253.jpg 450w\" sizes=\"(max-width: 705px) 100vw, 705px\" \/><\/div><\/div><\/figure><\/a><!--end av-masonry entry--><\/div><\/div>\n","protected":false},"excerpt":{"rendered":"","protected":false},"author":1,"featured_media":281,"comment_status":"closed","ping_status":"closed","sticky":false,"template":"","format":"standard","meta":{"footnotes":""},"categories":[4],"tags":[],"class_list":["post-271","post","type-post","status-publish","format-standard","has-post-thumbnail","hentry","category-stuecke"],"_links":{"self":[{"href":"https:\/\/www.winzerhotel-storr.de\/fgrut\/wp-json\/wp\/v2\/posts\/271","targetHints":{"allow":["GET"]}}],"collection":[{"href":"https:\/\/www.winzerhotel-storr.de\/fgrut\/wp-json\/wp\/v2\/posts"}],"about":[{"href":"https:\/\/www.winzerhotel-storr.de\/fgrut\/wp-json\/wp\/v2\/types\/post"}],"author":[{"embeddable":true,"href":"https:\/\/www.winzerhotel-storr.de\/fgrut\/wp-json\/wp\/v2\/users\/1"}],"replies":[{"embeddable":true,"href":"https:\/\/www.winzerhotel-storr.de\/fgrut\/wp-json\/wp\/v2\/comments?post=271"}],"version-history":[{"count":12,"href":"https:\/\/www.winzerhotel-storr.de\/fgrut\/wp-json\/wp\/v2\/posts\/271\/revisions"}],"predecessor-version":[{"id":295,"href":"https:\/\/www.winzerhotel-storr.de\/fgrut\/wp-json\/wp\/v2\/posts\/271\/revisions\/295"}],"wp:featuredmedia":[{"embeddable":true,"href":"https:\/\/www.winzerhotel-storr.de\/fgrut\/wp-json\/wp\/v2\/media\/281"}],"wp:attachment":[{"href":"https:\/\/www.winzerhotel-storr.de\/fgrut\/wp-json\/wp\/v2\/media?parent=271"}],"wp:term":[{"taxonomy":"category","embeddable":true,"href":"https:\/\/www.winzerhotel-storr.de\/fgrut\/wp-json\/wp\/v2\/categories?post=271"},{"taxonomy":"post_tag","embeddable":true,"href":"https:\/\/www.winzerhotel-storr.de\/fgrut\/wp-json\/wp\/v2\/tags?post=271"}],"curies":[{"name":"wp","href":"https:\/\/api.w.org\/{rel}","templated":true}]}}