{"id":266,"date":"2017-05-15T15:44:03","date_gmt":"2017-05-15T13:44:03","guid":{"rendered":"http:\/\/www.winzerhotel-storr.de\/fgrut\/?p=266"},"modified":"2017-05-15T15:45:54","modified_gmt":"2017-05-15T13:45:54","slug":"der-kirschgarten-gala-und-filmpremiere","status":"publish","type":"post","link":"https:\/\/www.winzerhotel-storr.de\/fgrut\/der-kirschgarten-gala-und-filmpremiere\/","title":{"rendered":"Der Kirschgarten &#8211; Gala und Filmpremiere"},"content":{"rendered":"\n<style type=\"text\/css\" data-created_by=\"avia_inline_auto\" id=\"style-css-av-av_heading-ac3223c283b805fc4d9a91f09665b1cb\">\n#top .av-special-heading.av-av_heading-ac3223c283b805fc4d9a91f09665b1cb{\npadding-bottom:10px;\n}\nbody .av-special-heading.av-av_heading-ac3223c283b805fc4d9a91f09665b1cb .av-special-heading-tag .heading-char{\nfont-size:25px;\n}\n.av-special-heading.av-av_heading-ac3223c283b805fc4d9a91f09665b1cb .av-subheading{\nfont-size:15px;\n}\n<\/style>\n<div  class='av-special-heading av-av_heading-ac3223c283b805fc4d9a91f09665b1cb av-special-heading-h3  avia-builder-el-0  el_before_av_heading  avia-builder-el-first '><h3 class='av-special-heading-tag'  itemprop=\"headline\"  >Der Kirschgarten &#8211; Gala und Filmpremiere<\/h3><div class=\"special-heading-border\"><div class=\"special-heading-inner-border\"><\/div><\/div><\/div>\n\n<style type=\"text\/css\" data-created_by=\"avia_inline_auto\" id=\"style-css-av-av_heading-c6f94875d43461fb29b0814b23b377e2\">\n#top .av-special-heading.av-av_heading-c6f94875d43461fb29b0814b23b377e2{\npadding-bottom:10px;\n}\nbody .av-special-heading.av-av_heading-c6f94875d43461fb29b0814b23b377e2 .av-special-heading-tag .heading-char{\nfont-size:25px;\n}\n.av-special-heading.av-av_heading-c6f94875d43461fb29b0814b23b377e2 .av-subheading{\nfont-size:15px;\n}\n<\/style>\n<div  class='av-special-heading av-av_heading-c6f94875d43461fb29b0814b23b377e2 av-special-heading-h3  avia-builder-el-1  el_after_av_heading  el_before_av_textblock '><h3 class='av-special-heading-tag'  itemprop=\"headline\"  >Samstag, 1. Juli 2017<\/h3><div class=\"special-heading-border\"><div class=\"special-heading-inner-border\"><\/div><\/div><\/div>\n<section  class='av_textblock_section av-av_textblock-0366cc7376be6c9e82a3e9cc8987b64f '   itemscope=\"itemscope\" itemtype=\"https:\/\/schema.org\/BlogPosting\" itemprop=\"blogPost\" ><div class='avia_textblock'  itemprop=\"text\" ><p>F\u00fcnf Jahre nach der Auff\u00fchrung von Anton Tschechows &#8222;Der Kirschgarten&#8220; auf den B\u00fchnen Dautenheims (der Theaterscheune und der Freilichtb\u00fchne) ist nun der Kirschgarten-Film fertiggestellt und wartet auf seine Filmpremiere. Die Darsteller (Schauspieler und Theaterbegeisterte aus Dautenheim und Alzey) hat es am Ende des St\u00fcckes, nach dem Verkauf des Kirschgartens, in alle Welt verschlagen. Ein Hotel ist entstanden anstelle des alten Gutshauses. Hierher kehren nun alle Figuren zur\u00fcck, sie reisen an aus Paris, Moskau, per Bahn, per Motorrad, per Limousine, treffen sich wieder und sind die Stars des Film, der gerahmt von dieser Theaterhandlung mit allen Schauspielern schlie\u00dflich im Kino der Theaterscheune seine Urauff\u00fchrung erlebt. Mit von der Partie sind auch die Musikanten des &#8222;j\u00fcdischen Orchesters&#8220;, auch sie sind wiedergekommen und spielen zur Gala der Filmpremiere und des Wiedersehens.<\/p>\n<\/div><\/section>\n<section  class='av_textblock_section av-av_textblock-0366cc7376be6c9e82a3e9cc8987b64f '   itemscope=\"itemscope\" itemtype=\"https:\/\/schema.org\/BlogPosting\" itemprop=\"blogPost\" ><div class='avia_textblock'  itemprop=\"text\" ><table border=\"0\" width=\"643\" cellspacing=\"0\" cellpadding=\"2\">\n<colgroup>\n<col width=\"141\" \/>\n<col width=\"494\" \/> <\/colgroup>\n<tbody>\n<tr>\n<td width=\"141\">Eintrittspreis<\/td>\n<td width=\"494\">12\u20ac, ermaessigt 9\u20ac<\/td>\n<\/tr>\n<tr>\n<td width=\"141\">Einlass<\/td>\n<td width=\"494\">20 Uhr<\/td>\n<\/tr>\n<tr>\n<td width=\"141\">Veranstalter<\/td>\n<td width=\"494\">Theaterf\u00f6rderkreis Alzey-Dautenheim e.V.<\/td>\n<\/tr>\n<tr>\n<td width=\"141\">Veranstaltungs-PLZ<\/td>\n<td width=\"494\">55232<\/td>\n<\/tr>\n<tr>\n<td width=\"141\">Veranstaltungs-Ort<\/td>\n<td width=\"494\">Hof und Theaterscheune im Weingut-Winzerhotel Storr, Westhofer Strasse 1, 55232 Alzey-Dautenheim<\/td>\n<\/tr>\n<\/tbody>\n<\/table>\n<\/div><\/section>\n\n<style type=\"text\/css\" data-created_by=\"avia_inline_auto\" id=\"style-css-av-av_image-cebbd703e1378936a961bb685712a5b4\">\n.avia-image-container.av-av_image-cebbd703e1378936a961bb685712a5b4 img.avia_image{\nbox-shadow:none;\n}\n.avia-image-container.av-av_image-cebbd703e1378936a961bb685712a5b4 .av-image-caption-overlay-center{\ncolor:#ffffff;\n}\n<\/style>\n<div  class='avia-image-container av-av_image-cebbd703e1378936a961bb685712a5b4 av-styling- avia-align-left  avia-builder-el-4  el_after_av_textblock  avia-builder-el-last '   itemprop=\"image\" itemscope=\"itemscope\" itemtype=\"https:\/\/schema.org\/ImageObject\" ><div class=\"avia-image-container-inner\"><div class=\"avia-image-overlay-wrap\"><img decoding=\"async\" fetchpriority=\"high\" class='wp-image-172 avia-img-lazy-loading-not-172 avia_image ' src=\"https:\/\/www.winzerhotel-storr.de\/fgrut\/wp-content\/uploads\/2016\/10\/kultursommer.jpg\" alt='' title='kultursommer'  height=\"124\" width=\"200\"  itemprop=\"thumbnailUrl\"  \/><\/div><\/div><\/div>\n","protected":false},"excerpt":{"rendered":"","protected":false},"author":1,"featured_media":0,"comment_status":"closed","ping_status":"closed","sticky":false,"template":"","format":"standard","meta":{"footnotes":""},"categories":[4],"tags":[],"class_list":["post-266","post","type-post","status-publish","format-standard","hentry","category-stuecke"],"_links":{"self":[{"href":"https:\/\/www.winzerhotel-storr.de\/fgrut\/wp-json\/wp\/v2\/posts\/266","targetHints":{"allow":["GET"]}}],"collection":[{"href":"https:\/\/www.winzerhotel-storr.de\/fgrut\/wp-json\/wp\/v2\/posts"}],"about":[{"href":"https:\/\/www.winzerhotel-storr.de\/fgrut\/wp-json\/wp\/v2\/types\/post"}],"author":[{"embeddable":true,"href":"https:\/\/www.winzerhotel-storr.de\/fgrut\/wp-json\/wp\/v2\/users\/1"}],"replies":[{"embeddable":true,"href":"https:\/\/www.winzerhotel-storr.de\/fgrut\/wp-json\/wp\/v2\/comments?post=266"}],"version-history":[{"count":4,"href":"https:\/\/www.winzerhotel-storr.de\/fgrut\/wp-json\/wp\/v2\/posts\/266\/revisions"}],"predecessor-version":[{"id":270,"href":"https:\/\/www.winzerhotel-storr.de\/fgrut\/wp-json\/wp\/v2\/posts\/266\/revisions\/270"}],"wp:attachment":[{"href":"https:\/\/www.winzerhotel-storr.de\/fgrut\/wp-json\/wp\/v2\/media?parent=266"}],"wp:term":[{"taxonomy":"category","embeddable":true,"href":"https:\/\/www.winzerhotel-storr.de\/fgrut\/wp-json\/wp\/v2\/categories?post=266"},{"taxonomy":"post_tag","embeddable":true,"href":"https:\/\/www.winzerhotel-storr.de\/fgrut\/wp-json\/wp\/v2\/tags?post=266"}],"curies":[{"name":"wp","href":"https:\/\/api.w.org\/{rel}","templated":true}]}}