{"id":174,"date":"2016-10-10T18:00:00","date_gmt":"2016-10-10T16:00:00","guid":{"rendered":"http:\/\/www.winzerhotel-storr.de\/fgrut\/?p=174"},"modified":"2016-10-10T18:00:00","modified_gmt":"2016-10-10T16:00:00","slug":"aschenputtel-dorf-als-buehne","status":"publish","type":"post","link":"https:\/\/www.winzerhotel-storr.de\/fgrut\/aschenputtel-dorf-als-buehne\/","title":{"rendered":"Aschenputtel: Dorf als B\u00fchne"},"content":{"rendered":"<p align=\"LEFT\">Was ist heute das Dorf, das Dorfleben, gibt es noch Gebr\u00e4uche, den B\u00e4cker? Der aktuellen Wirklichkeit des Dorflebens wollen wir mit dem Aschenputtel-M\u00e4rchen (in der Version des Dichters Robert Walsers) musikalisch und theatralisch auf die Spur kommen.<\/p>\n<p align=\"LEFT\">Zur diesj\u00e4hrige Theaterproduktion des Theaterf\u00f6rderkreises Alzey-Dautenheim e.V. beginnen die Proben in Dautenheim Anfang August. Schauspieler aus Hamburg, Leipzig, Paris, Berlin, eine koreanische B\u00fchnenbildnerin aus D\u00fcsseldorf, eine Kost\u00fcmbildnerin aus Paris sowie eine Komponistin und zwei Musikerinnen reisen dann an und erarbeiten gemeinsam eine m\u00e4rchenhafte Musiktheater-Auff\u00fchrung f\u00fcr die Theaterscheune. Mit von der Partie ist der evangelische Posaunenchor unter Leitung von Kantor Hartmut M\u00fcller. Die Premiere ist am 2. September um 20 Uhr, gefolgt von zwei Vorstellungen am 3. und 4. September.<\/p>\n<p align=\"LEFT\">\u00a0<a href=\"http:\/\/www.winzerhotel-storr.de\/fgrut\/wp-content\/uploads\/2016\/10\/aschenputtel-1.jpg\"><img loading=\"lazy\" decoding=\"async\" class=\"alignnone wp-image-176 size-full\" src=\"http:\/\/www.winzerhotel-storr.de\/fgrut\/wp-content\/uploads\/2016\/10\/aschenputtel-1.jpg\" alt=\"aschenputtel\" width=\"250\" height=\"158\" \/><\/a><\/p>\n<p align=\"LEFT\">Diese bunte K\u00fcnstlergruppe gibt am 26.8. um 20 Uhr, eine Woche vor der Premiere, ein Konzert auf der Freilichtb\u00fchne Dautenheim, mitten in den Weinbergen. Zu h\u00f6ren sind franz\u00f6sische und deutsche Chansons, Jazz-Repertoire, klassische und neue klassische Musik, gesungen und gespielt von Lise (Gesang) und Clara Gervais (Gesang, Kontraba\u00df), Susanne Paul (Cello), Kornelia Kopf (Klavier), dem musizierenden Schauspielensemble, unterst\u00fctzt vom ev. Posaunenchor.<\/p>\n<p align=\"LEFT\"><a href=\"http:\/\/www.winzerhotel-storr.de\/fgrut\/wp-content\/uploads\/2016\/10\/kultursommer.jpg\"><img loading=\"lazy\" decoding=\"async\" class=\"alignnone size-full wp-image-172\" src=\"http:\/\/www.winzerhotel-storr.de\/fgrut\/wp-content\/uploads\/2016\/10\/kultursommer.jpg\" alt=\"kultursommer\" width=\"200\" height=\"124\" \/><\/a><\/p>\n","protected":false},"excerpt":{"rendered":"<p>Was ist heute das Dorf, das Dorfleben, gibt es noch Gebr\u00e4uche, den B\u00e4cker? Der aktuellen Wirklichkeit des Dorflebens wollen wir mit dem Aschenputtel-M\u00e4rchen (in der Version des Dichters Robert Walsers) musikalisch und theatralisch auf die Spur kommen. Zur diesj\u00e4hrige Theaterproduktion des Theaterf\u00f6rderkreises Alzey-Dautenheim e.V. beginnen die Proben in Dautenheim Anfang August. Schauspieler aus Hamburg, Leipzig, [&hellip;]<\/p>\n","protected":false},"author":1,"featured_media":175,"comment_status":"closed","ping_status":"closed","sticky":false,"template":"","format":"standard","meta":{"footnotes":""},"categories":[4],"tags":[],"class_list":["post-174","post","type-post","status-publish","format-standard","has-post-thumbnail","hentry","category-stuecke"],"_links":{"self":[{"href":"https:\/\/www.winzerhotel-storr.de\/fgrut\/wp-json\/wp\/v2\/posts\/174","targetHints":{"allow":["GET"]}}],"collection":[{"href":"https:\/\/www.winzerhotel-storr.de\/fgrut\/wp-json\/wp\/v2\/posts"}],"about":[{"href":"https:\/\/www.winzerhotel-storr.de\/fgrut\/wp-json\/wp\/v2\/types\/post"}],"author":[{"embeddable":true,"href":"https:\/\/www.winzerhotel-storr.de\/fgrut\/wp-json\/wp\/v2\/users\/1"}],"replies":[{"embeddable":true,"href":"https:\/\/www.winzerhotel-storr.de\/fgrut\/wp-json\/wp\/v2\/comments?post=174"}],"version-history":[{"count":1,"href":"https:\/\/www.winzerhotel-storr.de\/fgrut\/wp-json\/wp\/v2\/posts\/174\/revisions"}],"predecessor-version":[{"id":177,"href":"https:\/\/www.winzerhotel-storr.de\/fgrut\/wp-json\/wp\/v2\/posts\/174\/revisions\/177"}],"wp:featuredmedia":[{"embeddable":true,"href":"https:\/\/www.winzerhotel-storr.de\/fgrut\/wp-json\/wp\/v2\/media\/175"}],"wp:attachment":[{"href":"https:\/\/www.winzerhotel-storr.de\/fgrut\/wp-json\/wp\/v2\/media?parent=174"}],"wp:term":[{"taxonomy":"category","embeddable":true,"href":"https:\/\/www.winzerhotel-storr.de\/fgrut\/wp-json\/wp\/v2\/categories?post=174"},{"taxonomy":"post_tag","embeddable":true,"href":"https:\/\/www.winzerhotel-storr.de\/fgrut\/wp-json\/wp\/v2\/tags?post=174"}],"curies":[{"name":"wp","href":"https:\/\/api.w.org\/{rel}","templated":true}]}}