{"id":156,"date":"2016-10-10T17:39:14","date_gmt":"2016-10-10T15:39:14","guid":{"rendered":"http:\/\/www.winzerhotel-storr.de\/fgrut\/?p=156"},"modified":"2016-10-10T17:49:11","modified_gmt":"2016-10-10T15:49:11","slug":"der-kirschgarten","status":"publish","type":"post","link":"https:\/\/www.winzerhotel-storr.de\/fgrut\/der-kirschgarten\/","title":{"rendered":"Der Kirschgarten"},"content":{"rendered":"<section  class='av_textblock_section av-av_textblock-0366cc7376be6c9e82a3e9cc8987b64f '   itemscope=\"itemscope\" itemtype=\"https:\/\/schema.org\/BlogPosting\" itemprop=\"blogPost\" ><div class='avia_textblock'  itemprop=\"text\" ><p>Es folgte ein Jahr nach dem Bau der Freilichtb\u00fchne die Inszenierung von Anton Tschechows\u00a0<em>Der Kirschgarten.<\/em>\u00a0Nach dem ersten Akt in der Theaterscheune wanderte das Publikum gemeinsam mit dem spielenden j\u00fcdischen Orchester aus dem St\u00fcck zum zweiten Akt auf der Freilichtb\u00fchne. Dort ging im Text wie in der Natur der Mond auf, woraufhin man zur\u00fcckkehrte und die beiden letzten Akte in der Theaterscheune erleben konnte.<\/p>\n<\/div><\/section>\n<div  class='avia-video av-av_video-def0a1e0a019a6fc5defce76fea9e06a avia-video-16-9 av-no-preview-image avia-video-load-always avia-video-html5'  itemprop=\"video\" itemtype=\"https:\/\/schema.org\/VideoObject\"  data-original_url='http:\/\/www.winzerhotel-storr.de\/fgrut\/wp-content\/uploads\/2016\/10\/TRAILER-der-kirschgarten-SD.mp4'><video class='avia_video'    preload=\"auto\"  controls id='player_156_1741072258_256219985'><source src='http:\/\/www.winzerhotel-storr.de\/fgrut\/wp-content\/uploads\/2016\/10\/TRAILER-der-kirschgarten-SD.mp4' type='video\/mp4' \/><\/video><\/div>\n<section  class='av_textblock_section av-av_textblock-0366cc7376be6c9e82a3e9cc8987b64f '   itemscope=\"itemscope\" itemtype=\"https:\/\/schema.org\/BlogPosting\" itemprop=\"blogPost\" ><div class='avia_textblock'  itemprop=\"text\" ><p>der kirschgarten, anton p. tschechow<br \/>\ntheaterscheune und freilichtb\u00fchne dautenheim 2011<br \/>\nmit: janina rudenska, sebastian straub, johannes karl, dieter bu\u00df, fanny wehner, anne schoen, ursula hobmair, jakob walser, sebastian thiers, cathrin romeis, kornelia kopf, michel leoff, regie: annette storr, steffen klewar, b\u00fchne \/ kost\u00fcme: silke bauer, musik: baerbel schwarz, michelangelo rinaldi, volker biesenbender, clara gervais<br \/>\nvideo: sebastian straub, ursula hobmair<\/p>\n<\/div><\/section>\n","protected":false},"excerpt":{"rendered":"","protected":false},"author":1,"featured_media":157,"comment_status":"closed","ping_status":"closed","sticky":false,"template":"","format":"standard","meta":{"footnotes":""},"categories":[4],"tags":[],"class_list":["post-156","post","type-post","status-publish","format-standard","has-post-thumbnail","hentry","category-stuecke"],"_links":{"self":[{"href":"https:\/\/www.winzerhotel-storr.de\/fgrut\/wp-json\/wp\/v2\/posts\/156","targetHints":{"allow":["GET"]}}],"collection":[{"href":"https:\/\/www.winzerhotel-storr.de\/fgrut\/wp-json\/wp\/v2\/posts"}],"about":[{"href":"https:\/\/www.winzerhotel-storr.de\/fgrut\/wp-json\/wp\/v2\/types\/post"}],"author":[{"embeddable":true,"href":"https:\/\/www.winzerhotel-storr.de\/fgrut\/wp-json\/wp\/v2\/users\/1"}],"replies":[{"embeddable":true,"href":"https:\/\/www.winzerhotel-storr.de\/fgrut\/wp-json\/wp\/v2\/comments?post=156"}],"version-history":[{"count":6,"href":"https:\/\/www.winzerhotel-storr.de\/fgrut\/wp-json\/wp\/v2\/posts\/156\/revisions"}],"predecessor-version":[{"id":165,"href":"https:\/\/www.winzerhotel-storr.de\/fgrut\/wp-json\/wp\/v2\/posts\/156\/revisions\/165"}],"wp:featuredmedia":[{"embeddable":true,"href":"https:\/\/www.winzerhotel-storr.de\/fgrut\/wp-json\/wp\/v2\/media\/157"}],"wp:attachment":[{"href":"https:\/\/www.winzerhotel-storr.de\/fgrut\/wp-json\/wp\/v2\/media?parent=156"}],"wp:term":[{"taxonomy":"category","embeddable":true,"href":"https:\/\/www.winzerhotel-storr.de\/fgrut\/wp-json\/wp\/v2\/categories?post=156"},{"taxonomy":"post_tag","embeddable":true,"href":"https:\/\/www.winzerhotel-storr.de\/fgrut\/wp-json\/wp\/v2\/tags?post=156"}],"curies":[{"name":"wp","href":"https:\/\/api.w.org\/{rel}","templated":true}]}}